{"id":1686,"date":"2020-06-01T13:41:38","date_gmt":"2020-06-01T11:41:38","guid":{"rendered":"https:\/\/www.abeillenoire.eu\/cms\/?p=1686"},"modified":"2020-11-26T09:38:51","modified_gmt":"2020-11-26T08:38:51","slug":"refuge-en-foret","status":"publish","type":"post","link":"https:\/\/www.abeillenoire.eu\/cms\/refuge-en-foret\/","title":{"rendered":"Refuge en For\u00eat"},"content":{"rendered":"<div class=\"wpb-content-wrapper\"><p>[vc_row][vc_column][vc_column_text]Notre abeille noire locale est en danger. Vouloir la sauver m\u2019a d\u00e9j\u00e0 valu le qualificatif d\u2019utopiste. Le propre de l\u2019utopisme n\u2019est-il pas d\u2019avoir raison trop t\u00f4t\u00a0?<\/p>\n<p>Au c\u0153ur de la for\u00eat d\u2019Orl\u00e9ans, nous avons implant\u00e9 un rucher de conservation loin de toute hybridation incontr\u00f4l\u00e9e. La pitance y est quelquefois maigre mais notre Avette (nom donn\u00e9 \u00e0 l\u2019abeille noire dans le G\u00e2tinais) est pr\u00e9voyante et rustique, sachant g\u00e9rer la ponte de sa reine et les p\u00e9riodes de famine.<\/p>\n<p>For\u00eat des Carnutes deux fois mill\u00e9naire, puis for\u00eat des Loges, for\u00eat royale offerte par Louis XIV \u00e0 Monsieur son fr\u00e8re, duc d\u2019Orl\u00e9ans, r\u00e9am\u00e9nag\u00e9e au XVIII si\u00e8cle pour les plaisirs de la chasse \u00e0 courre sur ordre de Philippe Egalit\u00e9 (celui l\u00e0 m\u00eame qui vota la d\u00e9capitation de son cousin Louis XVI, avant que le vent ne tourne pour lui et que lui aussi eut la t\u00eate tranch\u00e9e).<\/p>\n<p>Cette for\u00eat autrefois faite de landes et de bois, aujourd\u2019hui plant\u00e9e d\u2019essences nobles est la plus grande for\u00eat domaniale de France. Apis Mellifera Mellifera y a toujours v\u00e9cu. Comme les Indiens d\u2019Am\u00e9rique du Nord rel\u00e9gu\u00e9s dans des r\u00e9serves, notre abeille noire locale y trouvera-t-elle son dernier refuge. Pourtant, apr\u00e8s des si\u00e8cles de butinage, elle a donn\u00e9 ses lettres de noblesse au miel du G\u00e2tinais.<\/p>\n<p>&nbsp;<\/p>\n<p>Puisque demain ne devra plus \u00eatre comme hier, je veux croire \u00e0 la renaissance d\u2019une apiculture intelligente \u00e0 l\u2019oppos\u00e9 d\u2019une apiculture intensive pratiqu\u00e9e avec des abeilles hybrides souvent import\u00e9es d\u2019autres continents, incapables de survivre \u00e0 la disette autrement que part l\u2019apport de flots de sirop distribu\u00e9s entre chaque miell\u00e9e.<\/p>\n<p>Nous sommes de plus en plus nombreux \u00e0 reconnaitre les qualit\u00e9s de cette abeille qui cohabite avec l\u2019homme chasseur-cueilleur depuis la nuit des temps. On reproche parfois \u00e0 l\u2019abeille noire d\u2019avoir mauvais caract\u00e8re, je r\u00e9ponds \u00e0 cela avec un clin d\u2019\u0153il, qu\u2019elle est Gauloise. La s\u00e9lection peut y rem\u00e9dier. Je sais que la t\u00e2che sera rude mais surtout pas insurmontable. Apr\u00e8s des d\u00e9cennies d\u2019hybridation incontr\u00f4l\u00e9e le travail d\u2019identification et de s\u00e9lection devra \u00eatre rigoureux.<\/p>\n<p>Bient\u00f4t j\u2019esp\u00e8re nous ne parlerons plus de zone refuge mais de zone sanctuaire, ce qui sera d\u00e9j\u00e0 un grand pas.<\/p>\n<p>Gerard Petit<\/p>\n<p>&nbsp;<\/p>\n<p><em>*G\u00e9rard Petit veille sur les colonies du conservatoire en For\u00eat d\u2019Orl\u00e9ans.<\/em><\/p>\n<p>[\/vc_column_text][\/vc_column][\/vc_row]<\/p>\n<\/div>","protected":false},"excerpt":{"rendered":"<p>[vc_row][vc_column][vc_column_text]Notre abeille noire locale est en danger. Vouloir la sauver m\u2019a d\u00e9j\u00e0 valu le qualificatif d\u2019utopiste. Le propre de l\u2019utopisme n\u2019est-il pas d\u2019avoir raison trop t\u00f4t\u00a0? Au c\u0153ur de la&hellip;<\/p>\n","protected":false},"author":5,"featured_media":1694,"comment_status":"closed","ping_status":"closed","sticky":false,"template":"","format":"standard","meta":{"_EventAllDay":false,"_EventTimezone":"","_EventStartDate":"","_EventEndDate":"","_EventStartDateUTC":"","_EventEndDateUTC":"","_EventShowMap":false,"_EventShowMapLink":false,"_EventURL":"","_EventCost":"","_EventCostDescription":"","_EventCurrencySymbol":"","_EventCurrencyCode":"","_EventCurrencyPosition":"","_EventDateTimeSeparator":"","_EventTimeRangeSeparator":"","_EventOrganizerID":[],"_EventVenueID":[],"_OrganizerEmail":"","_OrganizerPhone":"","_OrganizerWebsite":"","_VenueAddress":"","_VenueCity":"","_VenueCountry":"","_VenueProvince":"","_VenueState":"","_VenueZip":"","_VenuePhone":"","_VenueURL":"","_VenueStateProvince":"","_VenueLat":"","_VenueLng":"","_VenueShowMap":false,"_VenueShowMapLink":false,"footnotes":""},"categories":[1],"tags":[],"class_list":["post-1686","post","type-post","status-publish","format-standard","has-post-thumbnail","hentry","category-conservatoire-abeille-noire","category-1","description-off"],"yoast_head":"<!-- This site is optimized with the Yoast SEO plugin v27.3 - https:\/\/yoast.com\/product\/yoast-seo-wordpress\/ -->\n<title>Refuge en For\u00eat - Conservatoire de l&#039;Abeille Noire<\/title>\n<meta name=\"robots\" content=\"index, follow, max-snippet:-1, max-image-preview:large, max-video-preview:-1\" \/>\n<link rel=\"canonical\" href=\"https:\/\/www.abeillenoire.eu\/cms\/refuge-en-foret\/\" \/>\n<meta property=\"og:locale\" content=\"fr_FR\" \/>\n<meta property=\"og:type\" content=\"article\" \/>\n<meta property=\"og:title\" content=\"Refuge en For\u00eat - Conservatoire de l&#039;Abeille Noire\" \/>\n<meta property=\"og:description\" content=\"[vc_row][vc_column][vc_column_text]Notre abeille noire locale est en danger. Vouloir la sauver m\u2019a d\u00e9j\u00e0 valu le qualificatif d\u2019utopiste. Le propre de l\u2019utopisme n\u2019est-il pas d\u2019avoir raison trop t\u00f4t\u00a0? Au c\u0153ur de la&hellip;\" \/>\n<meta property=\"og:url\" content=\"https:\/\/www.abeillenoire.eu\/cms\/refuge-en-foret\/\" \/>\n<meta property=\"og:site_name\" content=\"Conservatoire de l&#039;Abeille Noire\" \/>\n<meta property=\"article:publisher\" content=\"https:\/\/www.facebook.com\/CANSOLOGNE\" \/>\n<meta property=\"article:published_time\" content=\"2020-06-01T11:41:38+00:00\" \/>\n<meta property=\"article:modified_time\" content=\"2020-11-26T08:38:51+00:00\" \/>\n<meta property=\"og:image\" content=\"https:\/\/www.abeillenoire.eu\/cms\/wp-content\/uploads\/2020\/06\/Refuge-en-foret-scaled.jpg\" \/>\n\t<meta property=\"og:image:width\" content=\"2560\" \/>\n\t<meta property=\"og:image:height\" content=\"1709\" \/>\n\t<meta property=\"og:image:type\" content=\"image\/jpeg\" \/>\n<meta name=\"author\" content=\"abeillenoire\" \/>\n<meta name=\"twitter:card\" content=\"summary_large_image\" \/>\n<meta name=\"twitter:label1\" content=\"\u00c9crit par\" \/>\n\t<meta name=\"twitter:data1\" content=\"abeillenoire\" \/>\n\t<meta name=\"twitter:label2\" content=\"Dur\u00e9e de lecture estim\u00e9e\" \/>\n\t<meta name=\"twitter:data2\" content=\"2 minutes\" \/>\n<script type=\"application\/ld+json\" class=\"yoast-schema-graph\">{\"@context\":\"https:\\\/\\\/schema.org\",\"@graph\":[{\"@type\":\"Article\",\"@id\":\"https:\\\/\\\/www.abeillenoire.eu\\\/cms\\\/refuge-en-foret\\\/#article\",\"isPartOf\":{\"@id\":\"https:\\\/\\\/www.abeillenoire.eu\\\/cms\\\/refuge-en-foret\\\/\"},\"author\":{\"name\":\"abeillenoire\",\"@id\":\"https:\\\/\\\/www.abeillenoire.eu\\\/cms\\\/#\\\/schema\\\/person\\\/595739578f5150cd847d05c76677e64c\"},\"headline\":\"Refuge en For\u00eat\",\"datePublished\":\"2020-06-01T11:41:38+00:00\",\"dateModified\":\"2020-11-26T08:38:51+00:00\",\"mainEntityOfPage\":{\"@id\":\"https:\\\/\\\/www.abeillenoire.eu\\\/cms\\\/refuge-en-foret\\\/\"},\"wordCount\":457,\"publisher\":{\"@id\":\"https:\\\/\\\/www.abeillenoire.eu\\\/cms\\\/#organization\"},\"image\":{\"@id\":\"https:\\\/\\\/www.abeillenoire.eu\\\/cms\\\/refuge-en-foret\\\/#primaryimage\"},\"thumbnailUrl\":\"https:\\\/\\\/www.abeillenoire.eu\\\/cms\\\/wp-content\\\/uploads\\\/2020\\\/06\\\/Refuge-en-foret-scaled.jpg\",\"articleSection\":[\"Conservatoire de l'abeille noire\"],\"inLanguage\":\"fr-FR\"},{\"@type\":\"WebPage\",\"@id\":\"https:\\\/\\\/www.abeillenoire.eu\\\/cms\\\/refuge-en-foret\\\/\",\"url\":\"https:\\\/\\\/www.abeillenoire.eu\\\/cms\\\/refuge-en-foret\\\/\",\"name\":\"Refuge en For\u00eat - Conservatoire de l&#039;Abeille Noire\",\"isPartOf\":{\"@id\":\"https:\\\/\\\/www.abeillenoire.eu\\\/cms\\\/#website\"},\"primaryImageOfPage\":{\"@id\":\"https:\\\/\\\/www.abeillenoire.eu\\\/cms\\\/refuge-en-foret\\\/#primaryimage\"},\"image\":{\"@id\":\"https:\\\/\\\/www.abeillenoire.eu\\\/cms\\\/refuge-en-foret\\\/#primaryimage\"},\"thumbnailUrl\":\"https:\\\/\\\/www.abeillenoire.eu\\\/cms\\\/wp-content\\\/uploads\\\/2020\\\/06\\\/Refuge-en-foret-scaled.jpg\",\"datePublished\":\"2020-06-01T11:41:38+00:00\",\"dateModified\":\"2020-11-26T08:38:51+00:00\",\"breadcrumb\":{\"@id\":\"https:\\\/\\\/www.abeillenoire.eu\\\/cms\\\/refuge-en-foret\\\/#breadcrumb\"},\"inLanguage\":\"fr-FR\",\"potentialAction\":[{\"@type\":\"ReadAction\",\"target\":[\"https:\\\/\\\/www.abeillenoire.eu\\\/cms\\\/refuge-en-foret\\\/\"]}]},{\"@type\":\"ImageObject\",\"inLanguage\":\"fr-FR\",\"@id\":\"https:\\\/\\\/www.abeillenoire.eu\\\/cms\\\/refuge-en-foret\\\/#primaryimage\",\"url\":\"https:\\\/\\\/www.abeillenoire.eu\\\/cms\\\/wp-content\\\/uploads\\\/2020\\\/06\\\/Refuge-en-foret-scaled.jpg\",\"contentUrl\":\"https:\\\/\\\/www.abeillenoire.eu\\\/cms\\\/wp-content\\\/uploads\\\/2020\\\/06\\\/Refuge-en-foret-scaled.jpg\",\"width\":2560,\"height\":1709},{\"@type\":\"BreadcrumbList\",\"@id\":\"https:\\\/\\\/www.abeillenoire.eu\\\/cms\\\/refuge-en-foret\\\/#breadcrumb\",\"itemListElement\":[{\"@type\":\"ListItem\",\"position\":1,\"name\":\"Accueil\",\"item\":\"https:\\\/\\\/www.abeillenoire.eu\\\/cms\\\/\"},{\"@type\":\"ListItem\",\"position\":2,\"name\":\"Refuge en For\u00eat\"}]},{\"@type\":\"WebSite\",\"@id\":\"https:\\\/\\\/www.abeillenoire.eu\\\/cms\\\/#website\",\"url\":\"https:\\\/\\\/www.abeillenoire.eu\\\/cms\\\/\",\"name\":\"Conservatoire de l&#039;Abeille Noire\",\"description\":\"\",\"publisher\":{\"@id\":\"https:\\\/\\\/www.abeillenoire.eu\\\/cms\\\/#organization\"},\"potentialAction\":[{\"@type\":\"SearchAction\",\"target\":{\"@type\":\"EntryPoint\",\"urlTemplate\":\"https:\\\/\\\/www.abeillenoire.eu\\\/cms\\\/?s={search_term_string}\"},\"query-input\":{\"@type\":\"PropertyValueSpecification\",\"valueRequired\":true,\"valueName\":\"search_term_string\"}}],\"inLanguage\":\"fr-FR\"},{\"@type\":\"Organization\",\"@id\":\"https:\\\/\\\/www.abeillenoire.eu\\\/cms\\\/#organization\",\"name\":\"Conservatoire de l'Abeille Noire en Val de Loire - Sologne - For\u00eat\",\"url\":\"https:\\\/\\\/www.abeillenoire.eu\\\/cms\\\/\",\"logo\":{\"@type\":\"ImageObject\",\"inLanguage\":\"fr-FR\",\"@id\":\"https:\\\/\\\/www.abeillenoire.eu\\\/cms\\\/#\\\/schema\\\/logo\\\/image\\\/\",\"url\":\"https:\\\/\\\/www.abeillenoire.eu\\\/cms\\\/wp-content\\\/uploads\\\/2020\\\/06\\\/logo-conservatoire-abeille-noire.jpg\",\"contentUrl\":\"https:\\\/\\\/www.abeillenoire.eu\\\/cms\\\/wp-content\\\/uploads\\\/2020\\\/06\\\/logo-conservatoire-abeille-noire.jpg\",\"width\":189,\"height\":88,\"caption\":\"Conservatoire de l'Abeille Noire en Val de Loire - Sologne - For\u00eat\"},\"image\":{\"@id\":\"https:\\\/\\\/www.abeillenoire.eu\\\/cms\\\/#\\\/schema\\\/logo\\\/image\\\/\"},\"sameAs\":[\"https:\\\/\\\/www.facebook.com\\\/CANSOLOGNE\",\"https:\\\/\\\/www.instagram.com\\\/conservatoire_abeille_noire\\\/\"]},{\"@type\":\"Person\",\"@id\":\"https:\\\/\\\/www.abeillenoire.eu\\\/cms\\\/#\\\/schema\\\/person\\\/595739578f5150cd847d05c76677e64c\",\"name\":\"abeillenoire\",\"image\":{\"@type\":\"ImageObject\",\"inLanguage\":\"fr-FR\",\"@id\":\"https:\\\/\\\/secure.gravatar.com\\\/avatar\\\/f9253310a33f9649ec364f0afefbaa584d26c8df46a81e2777435f59ad4f5916?s=96&d=blank&r=g\",\"url\":\"https:\\\/\\\/secure.gravatar.com\\\/avatar\\\/f9253310a33f9649ec364f0afefbaa584d26c8df46a81e2777435f59ad4f5916?s=96&d=blank&r=g\",\"contentUrl\":\"https:\\\/\\\/secure.gravatar.com\\\/avatar\\\/f9253310a33f9649ec364f0afefbaa584d26c8df46a81e2777435f59ad4f5916?s=96&d=blank&r=g\",\"caption\":\"abeillenoire\"},\"url\":\"https:\\\/\\\/www.abeillenoire.eu\\\/cms\\\/author\\\/abeillenoire\\\/\"}]}<\/script>\n<!-- \/ Yoast SEO plugin. -->","yoast_head_json":{"title":"Refuge en For\u00eat - Conservatoire de l&#039;Abeille Noire","robots":{"index":"index","follow":"follow","max-snippet":"max-snippet:-1","max-image-preview":"max-image-preview:large","max-video-preview":"max-video-preview:-1"},"canonical":"https:\/\/www.abeillenoire.eu\/cms\/refuge-en-foret\/","og_locale":"fr_FR","og_type":"article","og_title":"Refuge en For\u00eat - Conservatoire de l&#039;Abeille Noire","og_description":"[vc_row][vc_column][vc_column_text]Notre abeille noire locale est en danger. Vouloir la sauver m\u2019a d\u00e9j\u00e0 valu le qualificatif d\u2019utopiste. Le propre de l\u2019utopisme n\u2019est-il pas d\u2019avoir raison trop t\u00f4t\u00a0? Au c\u0153ur de la&hellip;","og_url":"https:\/\/www.abeillenoire.eu\/cms\/refuge-en-foret\/","og_site_name":"Conservatoire de l&#039;Abeille Noire","article_publisher":"https:\/\/www.facebook.com\/CANSOLOGNE","article_published_time":"2020-06-01T11:41:38+00:00","article_modified_time":"2020-11-26T08:38:51+00:00","og_image":[{"width":2560,"height":1709,"url":"https:\/\/www.abeillenoire.eu\/cms\/wp-content\/uploads\/2020\/06\/Refuge-en-foret-scaled.jpg","type":"image\/jpeg"}],"author":"abeillenoire","twitter_card":"summary_large_image","twitter_misc":{"\u00c9crit par":"abeillenoire","Dur\u00e9e de lecture estim\u00e9e":"2 minutes"},"schema":{"@context":"https:\/\/schema.org","@graph":[{"@type":"Article","@id":"https:\/\/www.abeillenoire.eu\/cms\/refuge-en-foret\/#article","isPartOf":{"@id":"https:\/\/www.abeillenoire.eu\/cms\/refuge-en-foret\/"},"author":{"name":"abeillenoire","@id":"https:\/\/www.abeillenoire.eu\/cms\/#\/schema\/person\/595739578f5150cd847d05c76677e64c"},"headline":"Refuge en For\u00eat","datePublished":"2020-06-01T11:41:38+00:00","dateModified":"2020-11-26T08:38:51+00:00","mainEntityOfPage":{"@id":"https:\/\/www.abeillenoire.eu\/cms\/refuge-en-foret\/"},"wordCount":457,"publisher":{"@id":"https:\/\/www.abeillenoire.eu\/cms\/#organization"},"image":{"@id":"https:\/\/www.abeillenoire.eu\/cms\/refuge-en-foret\/#primaryimage"},"thumbnailUrl":"https:\/\/www.abeillenoire.eu\/cms\/wp-content\/uploads\/2020\/06\/Refuge-en-foret-scaled.jpg","articleSection":["Conservatoire de l'abeille noire"],"inLanguage":"fr-FR"},{"@type":"WebPage","@id":"https:\/\/www.abeillenoire.eu\/cms\/refuge-en-foret\/","url":"https:\/\/www.abeillenoire.eu\/cms\/refuge-en-foret\/","name":"Refuge en For\u00eat - Conservatoire de l&#039;Abeille Noire","isPartOf":{"@id":"https:\/\/www.abeillenoire.eu\/cms\/#website"},"primaryImageOfPage":{"@id":"https:\/\/www.abeillenoire.eu\/cms\/refuge-en-foret\/#primaryimage"},"image":{"@id":"https:\/\/www.abeillenoire.eu\/cms\/refuge-en-foret\/#primaryimage"},"thumbnailUrl":"https:\/\/www.abeillenoire.eu\/cms\/wp-content\/uploads\/2020\/06\/Refuge-en-foret-scaled.jpg","datePublished":"2020-06-01T11:41:38+00:00","dateModified":"2020-11-26T08:38:51+00:00","breadcrumb":{"@id":"https:\/\/www.abeillenoire.eu\/cms\/refuge-en-foret\/#breadcrumb"},"inLanguage":"fr-FR","potentialAction":[{"@type":"ReadAction","target":["https:\/\/www.abeillenoire.eu\/cms\/refuge-en-foret\/"]}]},{"@type":"ImageObject","inLanguage":"fr-FR","@id":"https:\/\/www.abeillenoire.eu\/cms\/refuge-en-foret\/#primaryimage","url":"https:\/\/www.abeillenoire.eu\/cms\/wp-content\/uploads\/2020\/06\/Refuge-en-foret-scaled.jpg","contentUrl":"https:\/\/www.abeillenoire.eu\/cms\/wp-content\/uploads\/2020\/06\/Refuge-en-foret-scaled.jpg","width":2560,"height":1709},{"@type":"BreadcrumbList","@id":"https:\/\/www.abeillenoire.eu\/cms\/refuge-en-foret\/#breadcrumb","itemListElement":[{"@type":"ListItem","position":1,"name":"Accueil","item":"https:\/\/www.abeillenoire.eu\/cms\/"},{"@type":"ListItem","position":2,"name":"Refuge en For\u00eat"}]},{"@type":"WebSite","@id":"https:\/\/www.abeillenoire.eu\/cms\/#website","url":"https:\/\/www.abeillenoire.eu\/cms\/","name":"Conservatoire de l&#039;Abeille Noire","description":"","publisher":{"@id":"https:\/\/www.abeillenoire.eu\/cms\/#organization"},"potentialAction":[{"@type":"SearchAction","target":{"@type":"EntryPoint","urlTemplate":"https:\/\/www.abeillenoire.eu\/cms\/?s={search_term_string}"},"query-input":{"@type":"PropertyValueSpecification","valueRequired":true,"valueName":"search_term_string"}}],"inLanguage":"fr-FR"},{"@type":"Organization","@id":"https:\/\/www.abeillenoire.eu\/cms\/#organization","name":"Conservatoire de l'Abeille Noire en Val de Loire - Sologne - For\u00eat","url":"https:\/\/www.abeillenoire.eu\/cms\/","logo":{"@type":"ImageObject","inLanguage":"fr-FR","@id":"https:\/\/www.abeillenoire.eu\/cms\/#\/schema\/logo\/image\/","url":"https:\/\/www.abeillenoire.eu\/cms\/wp-content\/uploads\/2020\/06\/logo-conservatoire-abeille-noire.jpg","contentUrl":"https:\/\/www.abeillenoire.eu\/cms\/wp-content\/uploads\/2020\/06\/logo-conservatoire-abeille-noire.jpg","width":189,"height":88,"caption":"Conservatoire de l'Abeille Noire en Val de Loire - Sologne - For\u00eat"},"image":{"@id":"https:\/\/www.abeillenoire.eu\/cms\/#\/schema\/logo\/image\/"},"sameAs":["https:\/\/www.facebook.com\/CANSOLOGNE","https:\/\/www.instagram.com\/conservatoire_abeille_noire\/"]},{"@type":"Person","@id":"https:\/\/www.abeillenoire.eu\/cms\/#\/schema\/person\/595739578f5150cd847d05c76677e64c","name":"abeillenoire","image":{"@type":"ImageObject","inLanguage":"fr-FR","@id":"https:\/\/secure.gravatar.com\/avatar\/f9253310a33f9649ec364f0afefbaa584d26c8df46a81e2777435f59ad4f5916?s=96&d=blank&r=g","url":"https:\/\/secure.gravatar.com\/avatar\/f9253310a33f9649ec364f0afefbaa584d26c8df46a81e2777435f59ad4f5916?s=96&d=blank&r=g","contentUrl":"https:\/\/secure.gravatar.com\/avatar\/f9253310a33f9649ec364f0afefbaa584d26c8df46a81e2777435f59ad4f5916?s=96&d=blank&r=g","caption":"abeillenoire"},"url":"https:\/\/www.abeillenoire.eu\/cms\/author\/abeillenoire\/"}]}},"_links":{"self":[{"href":"https:\/\/www.abeillenoire.eu\/cms\/wp-json\/wp\/v2\/posts\/1686","targetHints":{"allow":["GET"]}}],"collection":[{"href":"https:\/\/www.abeillenoire.eu\/cms\/wp-json\/wp\/v2\/posts"}],"about":[{"href":"https:\/\/www.abeillenoire.eu\/cms\/wp-json\/wp\/v2\/types\/post"}],"author":[{"embeddable":true,"href":"https:\/\/www.abeillenoire.eu\/cms\/wp-json\/wp\/v2\/users\/5"}],"replies":[{"embeddable":true,"href":"https:\/\/www.abeillenoire.eu\/cms\/wp-json\/wp\/v2\/comments?post=1686"}],"version-history":[{"count":1,"href":"https:\/\/www.abeillenoire.eu\/cms\/wp-json\/wp\/v2\/posts\/1686\/revisions"}],"predecessor-version":[{"id":1687,"href":"https:\/\/www.abeillenoire.eu\/cms\/wp-json\/wp\/v2\/posts\/1686\/revisions\/1687"}],"wp:featuredmedia":[{"embeddable":true,"href":"https:\/\/www.abeillenoire.eu\/cms\/wp-json\/wp\/v2\/media\/1694"}],"wp:attachment":[{"href":"https:\/\/www.abeillenoire.eu\/cms\/wp-json\/wp\/v2\/media?parent=1686"}],"wp:term":[{"taxonomy":"category","embeddable":true,"href":"https:\/\/www.abeillenoire.eu\/cms\/wp-json\/wp\/v2\/categories?post=1686"},{"taxonomy":"post_tag","embeddable":true,"href":"https:\/\/www.abeillenoire.eu\/cms\/wp-json\/wp\/v2\/tags?post=1686"}],"curies":[{"name":"wp","href":"https:\/\/api.w.org\/{rel}","templated":true}]}}