{"id":1722,"date":"2020-10-01T10:20:18","date_gmt":"2020-10-01T08:20:18","guid":{"rendered":"https:\/\/www.abeillenoire.eu\/cms\/?p=1722"},"modified":"2020-11-26T10:22:21","modified_gmt":"2020-11-26T09:22:21","slug":"humeur","status":"publish","type":"post","link":"https:\/\/www.abeillenoire.eu\/cms\/humeur\/","title":{"rendered":"Humeur"},"content":{"rendered":"<div class=\"wpb-content-wrapper\"><p>[vc_row][vc_column][vc_column_text]<strong>Vous aimez les abeilles,<\/strong> \u00e9vitez de parrainer aveugl\u00e9ment des ruches fant\u00f4mes d\u2019un simple clic. Vous ne faites qu\u2019engraisser des margoulins \u00e9paul\u00e9s par des communicants qui ont compris que le filon \u00e9tait juteux.<\/p>\n<p><strong>Vous voulez aider les abeilles<\/strong> et les autres pollinisateurs\u00a0: semez des fleurs, plantez des arbres mellif\u00e8res ou passez \u00e0 l\u2019action concr\u00e8te, devenez apiculteur, gardien de vos propres abeilles. On apprend plus de sa propre exp\u00e9rience que sur tous les sites internet de la cr\u00e9ation. Si vos conditions de vie confin\u00e9es ne vous permettent pas d\u2019\u00eatre au contact direct des abeilles, aidez les conservatoires de votre r\u00e9gion \u00e0 sauvegarder les populations d\u2019abeilles noires locales afin de pr\u00e9server l\u2019avenir.[\/vc_column_text][\/vc_column][\/vc_row]<\/p>\n<\/div>","protected":false},"excerpt":{"rendered":"<p>[vc_row][vc_column][vc_column_text]Vous aimez les abeilles, \u00e9vitez de parrainer aveugl\u00e9ment des ruches fant\u00f4mes d\u2019un simple clic. Vous ne faites qu\u2019engraisser des margoulins \u00e9paul\u00e9s par des communicants qui ont compris que le filon&hellip;<\/p>\n","protected":false},"author":5,"featured_media":1613,"comment_status":"closed","ping_status":"closed","sticky":false,"template":"","format":"standard","meta":{"_EventAllDay":false,"_EventTimezone":"","_EventStartDate":"","_EventEndDate":"","_EventStartDateUTC":"","_EventEndDateUTC":"","_EventShowMap":false,"_EventShowMapLink":false,"_EventURL":"","_EventCost":"","_EventCostDescription":"","_EventCurrencySymbol":"","_EventCurrencyCode":"","_EventCurrencyPosition":"","_EventDateTimeSeparator":"","_EventTimeRangeSeparator":"","_EventOrganizerID":[],"_EventVenueID":[],"_OrganizerEmail":"","_OrganizerPhone":"","_OrganizerWebsite":"","_VenueAddress":"","_VenueCity":"","_VenueCountry":"","_VenueProvince":"","_VenueState":"","_VenueZip":"","_VenuePhone":"","_VenueURL":"","_VenueStateProvince":"","_VenueLat":"","_VenueLng":"","_VenueShowMap":false,"_VenueShowMapLink":false,"footnotes":""},"categories":[1],"tags":[],"class_list":["post-1722","post","type-post","status-publish","format-standard","has-post-thumbnail","hentry","category-conservatoire-abeille-noire","category-1","description-off"],"yoast_head":"<!-- This site is optimized with the Yoast SEO plugin v27.3 - https:\/\/yoast.com\/product\/yoast-seo-wordpress\/ -->\n<title>Humeur - Conservatoire de l&#039;Abeille Noire<\/title>\n<meta name=\"description\" content=\"Vous aimez les abeilles, \u00e9vitez de parrainer aveugl\u00e9ment des ruches fant\u00f4mes d\u2019un simple clic. Vous voulez aider les abeilles et les autres pollinisateurs\u00a0?\" \/>\n<meta name=\"robots\" content=\"index, follow, max-snippet:-1, max-image-preview:large, max-video-preview:-1\" \/>\n<link rel=\"canonical\" href=\"https:\/\/www.abeillenoire.eu\/cms\/humeur\/\" \/>\n<meta property=\"og:locale\" content=\"fr_FR\" \/>\n<meta property=\"og:type\" content=\"article\" \/>\n<meta property=\"og:title\" content=\"Humeur - Conservatoire de l&#039;Abeille Noire\" \/>\n<meta property=\"og:description\" content=\"Vous aimez les abeilles, \u00e9vitez de parrainer aveugl\u00e9ment des ruches fant\u00f4mes d\u2019un simple clic. Vous voulez aider les abeilles et les autres pollinisateurs\u00a0?\" \/>\n<meta property=\"og:url\" content=\"https:\/\/www.abeillenoire.eu\/cms\/humeur\/\" \/>\n<meta property=\"og:site_name\" content=\"Conservatoire de l&#039;Abeille Noire\" \/>\n<meta property=\"article:publisher\" content=\"https:\/\/www.facebook.com\/CANSOLOGNE\" \/>\n<meta property=\"article:published_time\" content=\"2020-10-01T08:20:18+00:00\" \/>\n<meta property=\"article:modified_time\" content=\"2020-11-26T09:22:21+00:00\" \/>\n<meta property=\"og:image\" content=\"https:\/\/www.abeillenoire.eu\/cms\/wp-content\/uploads\/2020\/05\/abeille-noire5457-scaled-e1590756672173.jpg\" \/>\n\t<meta property=\"og:image:width\" content=\"1694\" \/>\n\t<meta property=\"og:image:height\" content=\"1699\" \/>\n\t<meta property=\"og:image:type\" content=\"image\/jpeg\" \/>\n<meta name=\"author\" content=\"abeillenoire\" \/>\n<meta name=\"twitter:card\" content=\"summary_large_image\" \/>\n<meta name=\"twitter:label1\" content=\"\u00c9crit par\" \/>\n\t<meta name=\"twitter:data1\" content=\"abeillenoire\" \/>\n\t<meta name=\"twitter:label2\" content=\"Dur\u00e9e de lecture estim\u00e9e\" \/>\n\t<meta name=\"twitter:data2\" content=\"1 minute\" \/>\n<script type=\"application\/ld+json\" class=\"yoast-schema-graph\">{\"@context\":\"https:\\\/\\\/schema.org\",\"@graph\":[{\"@type\":\"Article\",\"@id\":\"https:\\\/\\\/www.abeillenoire.eu\\\/cms\\\/humeur\\\/#article\",\"isPartOf\":{\"@id\":\"https:\\\/\\\/www.abeillenoire.eu\\\/cms\\\/humeur\\\/\"},\"author\":{\"name\":\"abeillenoire\",\"@id\":\"https:\\\/\\\/www.abeillenoire.eu\\\/cms\\\/#\\\/schema\\\/person\\\/595739578f5150cd847d05c76677e64c\"},\"headline\":\"Humeur\",\"datePublished\":\"2020-10-01T08:20:18+00:00\",\"dateModified\":\"2020-11-26T09:22:21+00:00\",\"mainEntityOfPage\":{\"@id\":\"https:\\\/\\\/www.abeillenoire.eu\\\/cms\\\/humeur\\\/\"},\"wordCount\":138,\"publisher\":{\"@id\":\"https:\\\/\\\/www.abeillenoire.eu\\\/cms\\\/#organization\"},\"image\":{\"@id\":\"https:\\\/\\\/www.abeillenoire.eu\\\/cms\\\/humeur\\\/#primaryimage\"},\"thumbnailUrl\":\"https:\\\/\\\/www.abeillenoire.eu\\\/cms\\\/wp-content\\\/uploads\\\/2020\\\/05\\\/abeille-noire5457-scaled-e1590756672173.jpg\",\"articleSection\":[\"Conservatoire de l'abeille noire\"],\"inLanguage\":\"fr-FR\"},{\"@type\":\"WebPage\",\"@id\":\"https:\\\/\\\/www.abeillenoire.eu\\\/cms\\\/humeur\\\/\",\"url\":\"https:\\\/\\\/www.abeillenoire.eu\\\/cms\\\/humeur\\\/\",\"name\":\"Humeur - Conservatoire de l&#039;Abeille Noire\",\"isPartOf\":{\"@id\":\"https:\\\/\\\/www.abeillenoire.eu\\\/cms\\\/#website\"},\"primaryImageOfPage\":{\"@id\":\"https:\\\/\\\/www.abeillenoire.eu\\\/cms\\\/humeur\\\/#primaryimage\"},\"image\":{\"@id\":\"https:\\\/\\\/www.abeillenoire.eu\\\/cms\\\/humeur\\\/#primaryimage\"},\"thumbnailUrl\":\"https:\\\/\\\/www.abeillenoire.eu\\\/cms\\\/wp-content\\\/uploads\\\/2020\\\/05\\\/abeille-noire5457-scaled-e1590756672173.jpg\",\"datePublished\":\"2020-10-01T08:20:18+00:00\",\"dateModified\":\"2020-11-26T09:22:21+00:00\",\"description\":\"Vous aimez les abeilles, \u00e9vitez de parrainer aveugl\u00e9ment des ruches fant\u00f4mes d\u2019un simple clic. Vous voulez aider les abeilles et les autres pollinisateurs\u00a0?\",\"breadcrumb\":{\"@id\":\"https:\\\/\\\/www.abeillenoire.eu\\\/cms\\\/humeur\\\/#breadcrumb\"},\"inLanguage\":\"fr-FR\",\"potentialAction\":[{\"@type\":\"ReadAction\",\"target\":[\"https:\\\/\\\/www.abeillenoire.eu\\\/cms\\\/humeur\\\/\"]}]},{\"@type\":\"ImageObject\",\"inLanguage\":\"fr-FR\",\"@id\":\"https:\\\/\\\/www.abeillenoire.eu\\\/cms\\\/humeur\\\/#primaryimage\",\"url\":\"https:\\\/\\\/www.abeillenoire.eu\\\/cms\\\/wp-content\\\/uploads\\\/2020\\\/05\\\/abeille-noire5457-scaled-e1590756672173.jpg\",\"contentUrl\":\"https:\\\/\\\/www.abeillenoire.eu\\\/cms\\\/wp-content\\\/uploads\\\/2020\\\/05\\\/abeille-noire5457-scaled-e1590756672173.jpg\",\"width\":1694,\"height\":1699},{\"@type\":\"BreadcrumbList\",\"@id\":\"https:\\\/\\\/www.abeillenoire.eu\\\/cms\\\/humeur\\\/#breadcrumb\",\"itemListElement\":[{\"@type\":\"ListItem\",\"position\":1,\"name\":\"Accueil\",\"item\":\"https:\\\/\\\/www.abeillenoire.eu\\\/cms\\\/\"},{\"@type\":\"ListItem\",\"position\":2,\"name\":\"Humeur\"}]},{\"@type\":\"WebSite\",\"@id\":\"https:\\\/\\\/www.abeillenoire.eu\\\/cms\\\/#website\",\"url\":\"https:\\\/\\\/www.abeillenoire.eu\\\/cms\\\/\",\"name\":\"Conservatoire de l&#039;Abeille Noire\",\"description\":\"\",\"publisher\":{\"@id\":\"https:\\\/\\\/www.abeillenoire.eu\\\/cms\\\/#organization\"},\"potentialAction\":[{\"@type\":\"SearchAction\",\"target\":{\"@type\":\"EntryPoint\",\"urlTemplate\":\"https:\\\/\\\/www.abeillenoire.eu\\\/cms\\\/?s={search_term_string}\"},\"query-input\":{\"@type\":\"PropertyValueSpecification\",\"valueRequired\":true,\"valueName\":\"search_term_string\"}}],\"inLanguage\":\"fr-FR\"},{\"@type\":\"Organization\",\"@id\":\"https:\\\/\\\/www.abeillenoire.eu\\\/cms\\\/#organization\",\"name\":\"Conservatoire de l'Abeille Noire en Val de Loire - Sologne - For\u00eat\",\"url\":\"https:\\\/\\\/www.abeillenoire.eu\\\/cms\\\/\",\"logo\":{\"@type\":\"ImageObject\",\"inLanguage\":\"fr-FR\",\"@id\":\"https:\\\/\\\/www.abeillenoire.eu\\\/cms\\\/#\\\/schema\\\/logo\\\/image\\\/\",\"url\":\"https:\\\/\\\/www.abeillenoire.eu\\\/cms\\\/wp-content\\\/uploads\\\/2020\\\/06\\\/logo-conservatoire-abeille-noire.jpg\",\"contentUrl\":\"https:\\\/\\\/www.abeillenoire.eu\\\/cms\\\/wp-content\\\/uploads\\\/2020\\\/06\\\/logo-conservatoire-abeille-noire.jpg\",\"width\":189,\"height\":88,\"caption\":\"Conservatoire de l'Abeille Noire en Val de Loire - Sologne - For\u00eat\"},\"image\":{\"@id\":\"https:\\\/\\\/www.abeillenoire.eu\\\/cms\\\/#\\\/schema\\\/logo\\\/image\\\/\"},\"sameAs\":[\"https:\\\/\\\/www.facebook.com\\\/CANSOLOGNE\",\"https:\\\/\\\/www.instagram.com\\\/conservatoire_abeille_noire\\\/\"]},{\"@type\":\"Person\",\"@id\":\"https:\\\/\\\/www.abeillenoire.eu\\\/cms\\\/#\\\/schema\\\/person\\\/595739578f5150cd847d05c76677e64c\",\"name\":\"abeillenoire\",\"image\":{\"@type\":\"ImageObject\",\"inLanguage\":\"fr-FR\",\"@id\":\"https:\\\/\\\/secure.gravatar.com\\\/avatar\\\/f9253310a33f9649ec364f0afefbaa584d26c8df46a81e2777435f59ad4f5916?s=96&d=blank&r=g\",\"url\":\"https:\\\/\\\/secure.gravatar.com\\\/avatar\\\/f9253310a33f9649ec364f0afefbaa584d26c8df46a81e2777435f59ad4f5916?s=96&d=blank&r=g\",\"contentUrl\":\"https:\\\/\\\/secure.gravatar.com\\\/avatar\\\/f9253310a33f9649ec364f0afefbaa584d26c8df46a81e2777435f59ad4f5916?s=96&d=blank&r=g\",\"caption\":\"abeillenoire\"},\"url\":\"https:\\\/\\\/www.abeillenoire.eu\\\/cms\\\/author\\\/abeillenoire\\\/\"}]}<\/script>\n<!-- \/ Yoast SEO plugin. -->","yoast_head_json":{"title":"Humeur - Conservatoire de l&#039;Abeille Noire","description":"Vous aimez les abeilles, \u00e9vitez de parrainer aveugl\u00e9ment des ruches fant\u00f4mes d\u2019un simple clic. Vous voulez aider les abeilles et les autres pollinisateurs\u00a0?","robots":{"index":"index","follow":"follow","max-snippet":"max-snippet:-1","max-image-preview":"max-image-preview:large","max-video-preview":"max-video-preview:-1"},"canonical":"https:\/\/www.abeillenoire.eu\/cms\/humeur\/","og_locale":"fr_FR","og_type":"article","og_title":"Humeur - Conservatoire de l&#039;Abeille Noire","og_description":"Vous aimez les abeilles, \u00e9vitez de parrainer aveugl\u00e9ment des ruches fant\u00f4mes d\u2019un simple clic. Vous voulez aider les abeilles et les autres pollinisateurs\u00a0?","og_url":"https:\/\/www.abeillenoire.eu\/cms\/humeur\/","og_site_name":"Conservatoire de l&#039;Abeille Noire","article_publisher":"https:\/\/www.facebook.com\/CANSOLOGNE","article_published_time":"2020-10-01T08:20:18+00:00","article_modified_time":"2020-11-26T09:22:21+00:00","og_image":[{"width":1694,"height":1699,"url":"https:\/\/www.abeillenoire.eu\/cms\/wp-content\/uploads\/2020\/05\/abeille-noire5457-scaled-e1590756672173.jpg","type":"image\/jpeg"}],"author":"abeillenoire","twitter_card":"summary_large_image","twitter_misc":{"\u00c9crit par":"abeillenoire","Dur\u00e9e de lecture estim\u00e9e":"1 minute"},"schema":{"@context":"https:\/\/schema.org","@graph":[{"@type":"Article","@id":"https:\/\/www.abeillenoire.eu\/cms\/humeur\/#article","isPartOf":{"@id":"https:\/\/www.abeillenoire.eu\/cms\/humeur\/"},"author":{"name":"abeillenoire","@id":"https:\/\/www.abeillenoire.eu\/cms\/#\/schema\/person\/595739578f5150cd847d05c76677e64c"},"headline":"Humeur","datePublished":"2020-10-01T08:20:18+00:00","dateModified":"2020-11-26T09:22:21+00:00","mainEntityOfPage":{"@id":"https:\/\/www.abeillenoire.eu\/cms\/humeur\/"},"wordCount":138,"publisher":{"@id":"https:\/\/www.abeillenoire.eu\/cms\/#organization"},"image":{"@id":"https:\/\/www.abeillenoire.eu\/cms\/humeur\/#primaryimage"},"thumbnailUrl":"https:\/\/www.abeillenoire.eu\/cms\/wp-content\/uploads\/2020\/05\/abeille-noire5457-scaled-e1590756672173.jpg","articleSection":["Conservatoire de l'abeille noire"],"inLanguage":"fr-FR"},{"@type":"WebPage","@id":"https:\/\/www.abeillenoire.eu\/cms\/humeur\/","url":"https:\/\/www.abeillenoire.eu\/cms\/humeur\/","name":"Humeur - Conservatoire de l&#039;Abeille Noire","isPartOf":{"@id":"https:\/\/www.abeillenoire.eu\/cms\/#website"},"primaryImageOfPage":{"@id":"https:\/\/www.abeillenoire.eu\/cms\/humeur\/#primaryimage"},"image":{"@id":"https:\/\/www.abeillenoire.eu\/cms\/humeur\/#primaryimage"},"thumbnailUrl":"https:\/\/www.abeillenoire.eu\/cms\/wp-content\/uploads\/2020\/05\/abeille-noire5457-scaled-e1590756672173.jpg","datePublished":"2020-10-01T08:20:18+00:00","dateModified":"2020-11-26T09:22:21+00:00","description":"Vous aimez les abeilles, \u00e9vitez de parrainer aveugl\u00e9ment des ruches fant\u00f4mes d\u2019un simple clic. Vous voulez aider les abeilles et les autres pollinisateurs\u00a0?","breadcrumb":{"@id":"https:\/\/www.abeillenoire.eu\/cms\/humeur\/#breadcrumb"},"inLanguage":"fr-FR","potentialAction":[{"@type":"ReadAction","target":["https:\/\/www.abeillenoire.eu\/cms\/humeur\/"]}]},{"@type":"ImageObject","inLanguage":"fr-FR","@id":"https:\/\/www.abeillenoire.eu\/cms\/humeur\/#primaryimage","url":"https:\/\/www.abeillenoire.eu\/cms\/wp-content\/uploads\/2020\/05\/abeille-noire5457-scaled-e1590756672173.jpg","contentUrl":"https:\/\/www.abeillenoire.eu\/cms\/wp-content\/uploads\/2020\/05\/abeille-noire5457-scaled-e1590756672173.jpg","width":1694,"height":1699},{"@type":"BreadcrumbList","@id":"https:\/\/www.abeillenoire.eu\/cms\/humeur\/#breadcrumb","itemListElement":[{"@type":"ListItem","position":1,"name":"Accueil","item":"https:\/\/www.abeillenoire.eu\/cms\/"},{"@type":"ListItem","position":2,"name":"Humeur"}]},{"@type":"WebSite","@id":"https:\/\/www.abeillenoire.eu\/cms\/#website","url":"https:\/\/www.abeillenoire.eu\/cms\/","name":"Conservatoire de l&#039;Abeille Noire","description":"","publisher":{"@id":"https:\/\/www.abeillenoire.eu\/cms\/#organization"},"potentialAction":[{"@type":"SearchAction","target":{"@type":"EntryPoint","urlTemplate":"https:\/\/www.abeillenoire.eu\/cms\/?s={search_term_string}"},"query-input":{"@type":"PropertyValueSpecification","valueRequired":true,"valueName":"search_term_string"}}],"inLanguage":"fr-FR"},{"@type":"Organization","@id":"https:\/\/www.abeillenoire.eu\/cms\/#organization","name":"Conservatoire de l'Abeille Noire en Val de Loire - Sologne - For\u00eat","url":"https:\/\/www.abeillenoire.eu\/cms\/","logo":{"@type":"ImageObject","inLanguage":"fr-FR","@id":"https:\/\/www.abeillenoire.eu\/cms\/#\/schema\/logo\/image\/","url":"https:\/\/www.abeillenoire.eu\/cms\/wp-content\/uploads\/2020\/06\/logo-conservatoire-abeille-noire.jpg","contentUrl":"https:\/\/www.abeillenoire.eu\/cms\/wp-content\/uploads\/2020\/06\/logo-conservatoire-abeille-noire.jpg","width":189,"height":88,"caption":"Conservatoire de l'Abeille Noire en Val de Loire - Sologne - For\u00eat"},"image":{"@id":"https:\/\/www.abeillenoire.eu\/cms\/#\/schema\/logo\/image\/"},"sameAs":["https:\/\/www.facebook.com\/CANSOLOGNE","https:\/\/www.instagram.com\/conservatoire_abeille_noire\/"]},{"@type":"Person","@id":"https:\/\/www.abeillenoire.eu\/cms\/#\/schema\/person\/595739578f5150cd847d05c76677e64c","name":"abeillenoire","image":{"@type":"ImageObject","inLanguage":"fr-FR","@id":"https:\/\/secure.gravatar.com\/avatar\/f9253310a33f9649ec364f0afefbaa584d26c8df46a81e2777435f59ad4f5916?s=96&d=blank&r=g","url":"https:\/\/secure.gravatar.com\/avatar\/f9253310a33f9649ec364f0afefbaa584d26c8df46a81e2777435f59ad4f5916?s=96&d=blank&r=g","contentUrl":"https:\/\/secure.gravatar.com\/avatar\/f9253310a33f9649ec364f0afefbaa584d26c8df46a81e2777435f59ad4f5916?s=96&d=blank&r=g","caption":"abeillenoire"},"url":"https:\/\/www.abeillenoire.eu\/cms\/author\/abeillenoire\/"}]}},"_links":{"self":[{"href":"https:\/\/www.abeillenoire.eu\/cms\/wp-json\/wp\/v2\/posts\/1722","targetHints":{"allow":["GET"]}}],"collection":[{"href":"https:\/\/www.abeillenoire.eu\/cms\/wp-json\/wp\/v2\/posts"}],"about":[{"href":"https:\/\/www.abeillenoire.eu\/cms\/wp-json\/wp\/v2\/types\/post"}],"author":[{"embeddable":true,"href":"https:\/\/www.abeillenoire.eu\/cms\/wp-json\/wp\/v2\/users\/5"}],"replies":[{"embeddable":true,"href":"https:\/\/www.abeillenoire.eu\/cms\/wp-json\/wp\/v2\/comments?post=1722"}],"version-history":[{"count":1,"href":"https:\/\/www.abeillenoire.eu\/cms\/wp-json\/wp\/v2\/posts\/1722\/revisions"}],"predecessor-version":[{"id":1723,"href":"https:\/\/www.abeillenoire.eu\/cms\/wp-json\/wp\/v2\/posts\/1722\/revisions\/1723"}],"wp:featuredmedia":[{"embeddable":true,"href":"https:\/\/www.abeillenoire.eu\/cms\/wp-json\/wp\/v2\/media\/1613"}],"wp:attachment":[{"href":"https:\/\/www.abeillenoire.eu\/cms\/wp-json\/wp\/v2\/media?parent=1722"}],"wp:term":[{"taxonomy":"category","embeddable":true,"href":"https:\/\/www.abeillenoire.eu\/cms\/wp-json\/wp\/v2\/categories?post=1722"},{"taxonomy":"post_tag","embeddable":true,"href":"https:\/\/www.abeillenoire.eu\/cms\/wp-json\/wp\/v2\/tags?post=1722"}],"curies":[{"name":"wp","href":"https:\/\/api.w.org\/{rel}","templated":true}]}}